[{"@context":"https:\/\/schema.org\/","@type":"Article","@id":"https:\/\/www.tutina.cz\/priprava-na-svatbu-obnasi-i-uklid\/#Article","mainEntityOfPage":"https:\/\/www.tutina.cz\/priprava-na-svatbu-obnasi-i-uklid\/","headline":"P\u0159\u00edprava na svatbu obn\u00e1\u0161\u00ed i \u00faklid","name":"P\u0159\u00edprava na svatbu obn\u00e1\u0161\u00ed i \u00faklid","description":"Kdy\u017e se dva lid\u00e9 dohodnou, \u017ee vstoup\u00ed do svazku man\u017eelsk\u00e9ho, za\u010dne jim obdob\u00ed starost\u00ed a p\u0159\u00edpravn\u00fdch prac\u00ed na svatebn\u00ed oslavy. Jsou to ale starosti p\u0159\u00edjemn\u00e9, proto\u017ee oba v\u00ed, \u017ee budou slavit sv\u016fj nejkr\u00e1sn\u011bj\u0161\u00ed den v \u017eivot\u011b. P\u0159\u00edpravy na svatbu v\u0161ak...","datePublished":"2024-06-15","dateModified":"2024-06-15","author":{"@type":"Person","@id":"https:\/\/www.tutina.cz\/author\/#Person","name":"","url":"https:\/\/www.tutina.cz\/author\/","identifier":1,"image":{"@type":"ImageObject","@id":"https:\/\/secure.gravatar.com\/avatar\/f677d652d46d6437b40497bee38030612d53a3103b24904f519be33cae485306?s=96&d=mm&r=g","url":"https:\/\/secure.gravatar.com\/avatar\/f677d652d46d6437b40497bee38030612d53a3103b24904f519be33cae485306?s=96&d=mm&r=g","height":96,"width":96}},"publisher":{"@type":"Organization","name":"tutina.cz","logo":{"@type":"ImageObject","@id":"\/logo.png","url":"\/logo.png","width":600,"height":60}},"image":{"@type":"ImageObject","@id":"https:\/\/www.tutina.cz\/wp-content\/uploads\/woman-4081760_640_10_7.jpg","url":"https:\/\/www.tutina.cz\/wp-content\/uploads\/woman-4081760_640_10_7.jpg","height":0,"width":0},"url":"https:\/\/www.tutina.cz\/priprava-na-svatbu-obnasi-i-uklid\/","about":["Online"],"wordCount":423,"articleBody":"   Kdy\u017e se dva lid\u00e9 dohodnou, \u017ee vstoup\u00ed do svazku man\u017eelsk\u00e9ho, za\u010dne jim obdob\u00ed starost\u00ed a p\u0159\u00edpravn\u00fdch prac\u00ed na svatebn\u00ed oslavy. Jsou to ale starosti p\u0159\u00edjemn\u00e9, proto\u017ee oba v\u00ed, \u017ee budou slavit sv\u016fj nejkr\u00e1sn\u011bj\u0161\u00ed den v \u017eivot\u011b. P\u0159\u00edpravy na svatbu v\u0161ak nesm\u00ed svou n\u00e1ro\u010dnost\u00ed p\u0159er\u016fst p\u0159es hlavu, jinak to bude sp\u00ed\u0161e \u0159ehole a z p\u0159\u00edjemn\u00e9 svatebn\u00ed oslavy z\u016fstane jen torzo, proto\u017ee v\u00e1s bude bolet z \u00fanavy cel\u00e9 t\u011blo a z starost\u00ed i hlava. A absolvovat svatbu na hromad\u011b analgetik a antidepresiv \u2013 to nikomu z v\u00e1s nep\u0159ejeme.Rozd\u011blte \u00fakoly ji\u017e m\u011bs\u00edc p\u0159ed svatbou \u2013 m\u00e1te-li kolem sebe miluj\u00edc\u00ed rodinu a spolehliv\u00e9 p\u0159\u00e1tele, poproste je, zda by v\u00e1m s p\u0159\u00edpravou na svatbu nepomohli? Pokud rozd\u011bl\u00edte v\u010das \u00fakoly a ka\u017ed\u00fd se chop\u00ed jen n\u011bjak\u00e9 \u010d\u00e1sti, nebude to pro nikoho d\u0159ina a v\u0161e zvl\u00e1dnete v\u010das a s dobr\u00fdm pocitem. N\u011bkdo nap\u0159\u00edklad bude m\u00edt za \u00fakol zajistit tik svatebn\u00edch ozn\u00e1men\u00ed, n\u011bkdo objedn\u00e1 sal\u00f3nek v restauraci nebo zajist\u00ed pron\u00e1jem z\u00e1meck\u00e9 zahrady, n\u011bkdo zajist\u00ed pron\u00e1jem party stanu, n\u011bkdo kv\u011btinovou v\u00fdzdobu, n\u011bkdo slavnostn\u00ed menu atd.\u00daklid nechte na profesion\u00e1lech \u2013 u p\u0159\u00edpravn\u00fdch prac\u00ed na svatbu se zam\u011b\u0159te hlavn\u011b na organiza\u010dn\u00ed z\u00e1le\u017eitosti, kter\u00e9 souvis\u00ed s jej\u00edm pr\u016fb\u011bhem, to znamen\u00e1 s ob\u0159adem a oslavou, ale nezdr\u017eujte se s \u00faklidem. Ten je samoz\u0159ejm\u011b tak\u00e9 d\u016fle\u017eit\u00fd, ale nem\u011bli byste j\u00edm ztr\u00e1cet \u010das. Sv\u011b\u0159te komplet \u00faklidov\u00e9 pr\u00e1ce profesion\u00e1l\u016fm. \u00daklid v Ostrav\u011b od \u00faklidov\u00e9 firmy se m\u016f\u017ee t\u00fdkat d\u016fkladn\u00e9ho vy\u010di\u0161t\u011bn\u00ed koupelny, toalety a kuchyn\u011b, myt\u00ed oken, \u010di\u0161t\u011bn\u00ed koberc\u016f, le\u0161t\u011bn\u00ed n\u00e1bytku, c\u00edd\u011bn\u00ed sv\u00edtidel, myt\u00ed podlah a dal\u0161\u00edch \u00faklidov\u00fdch prac\u00ed v dom\u00e1cnostech i v jin\u00fdch prostor\u00e1ch, kde bude svatebn\u00ed oslava prob\u00edhat. Profesion\u00e1ln\u00ed \u00faklidov\u00e1 firma provede v\u0161echny \u00fakony dle dohody na kl\u00ed\u010d a vy se nemus\u00edte starat v podstat\u011b o nic. Na\u010d soust\u0159edit pozornost v p\u0159\u00edprav\u011b na svatbu na n\u011bco, co v\u00e1m nep\u0159in\u00e1\u0161\u00ed \u017e\u00e1dnou radost, i kdy\u017e v\u00edte, jak d\u016fle\u017eit\u00e9 je slavit svatbu v \u010dist\u00e9m  http:\/\/www.jenpromuze.cz\/lifestyle\/world-of-tanks-v-cistem-4k-rozliseni-na-xbox-one-x-neni-problem a \u00fatuln\u00e9m prost\u0159ed\u00ed?                                                                                                                                                                                                                                                                                                                                                                                          4\/5 - (7 votes)        "},{"@context":"https:\/\/schema.org\/","@type":"BreadcrumbList","itemListElement":[{"@type":"ListItem","position":1,"name":"P\u0159\u00edprava na svatbu obn\u00e1\u0161\u00ed i \u00faklid","item":"https:\/\/www.tutina.cz\/priprava-na-svatbu-obnasi-i-uklid\/#breadcrumbitem"}]}]